{"id":25445,"date":"2024-04-18T12:43:07","date_gmt":"2024-04-18T18:43:07","guid":{"rendered":"https:\/\/westernlaw.org\/?p=25445"},"modified":"2024-04-18T12:43:07","modified_gmt":"2024-04-18T18:43:07","slug":"landmark-federal-public-lands-rule-elevates-conservation","status":"publish","type":"post","link":"https:\/\/westernlaw.org\/es\/landmark-federal-public-lands-rule-elevates-conservation\/","title":{"rendered":"La hist\u00f3rica regla federal sobre tierras p\u00fablicas eleva la conservaci\u00f3n\u00a0"},"content":{"rendered":"<p><span data-contrast=\"auto\">Hoy, la administraci\u00f3n Biden <\/span><a href=\"https:\/\/www.blm.gov\/public-lands-rule\"><span data-contrast=\"none\">La Oficina de Gesti\u00f3n de Tierras public\u00f3 una regla final<\/span><\/a><span data-contrast=\"auto\"> elevar el papel de la conservaci\u00f3n en la gesti\u00f3n de tierras p\u00fablicas para que coincida con usos como la extracci\u00f3n de combustibles f\u00f3siles, mejorando el equilibrio de su misi\u00f3n de usos m\u00faltiples. La Oficina administra 40% de todas las tierras p\u00fablicas: 245 millones de acres principalmente en el oeste de EE. UU. Con esta regla, la agencia est\u00e1 ejerciendo su autoridad y responsabilidad de larga data bajo la Ley Federal de Pol\u00edtica y Gesti\u00f3n de Tierras (FLPMA) para conservar estas tierras p\u00fablicas en el inter\u00e9s p\u00fablico. . La norma tiene el potencial de alinear mejor la gesti\u00f3n de tierras p\u00fablicas para responder a las crisis interrelacionadas del clima y la biodiversidad.<\/span><span data-ccp-props=\"{&quot;201341983&quot;:0,&quot;335559739&quot;:240,&quot;335559740&quot;:279}\">\u00a0<\/span><\/p>\n<p><span data-contrast=\"auto\">\u201c<\/span><span data-contrast=\"none\">Aplaudimos a la administraci\u00f3n Biden-Harris por aprovechar esta oportunidad para modernizar la gesti\u00f3n de tierras p\u00fablicas para la conservaci\u00f3n y la protecci\u00f3n del clima en el siglo XXI\u201d.<\/span><span data-contrast=\"auto\"> dijo Barbara Chillcott, abogada principal del Western Environmental Law Center. \u201cEste cambio tardar\u00e1 en llegar y servir\u00e1 como una herramienta clave para ayudar a Estados Unidos a cumplir sus objetivos clim\u00e1ticos. Debido a que Estados Unidos y el mundo llevan d\u00e9cadas de retraso en la adopci\u00f3n de medidas para abordar la crisis clim\u00e1tica, la Oficina debe seguir este camino con la mayor rapidez posible\u201d.<\/span><span data-ccp-props=\"{&quot;201341983&quot;:0,&quot;335559739&quot;:240,&quot;335559740&quot;:279}\">\u00a0<\/span><\/p>\n<p><span data-contrast=\"auto\">En 2022, WELC lider\u00f3 una coalici\u00f3n de 30 grupos ambientales y comunitarios que <\/span><a href=\"https:\/\/westernlaw.org\/wp-content\/uploads\/2022\/05\/05.18.22_Petition-for-Rulemaking-to-US-Dept-of-Interior.pdf\"><span data-contrast=\"none\">solicitado<\/span><\/a><span data-contrast=\"auto\"> El Departamento del Interior debe buscar la elaboraci\u00f3n de normas para centrar las tierras p\u00fablicas como piedra angular de la resiliencia ecol\u00f3gica y comunitaria frente a un clima cambiante.<\/span><\/p>\n<p><span data-contrast=\"auto\">&quot;Estamos orgullosos de haber desempe\u00f1ado un papel en el impulso de esta mejora para las tierras p\u00fablicas a trav\u00e9s de nuestra petici\u00f3n para la elaboraci\u00f3n de normas, desafiando las malas decisiones en materia de petr\u00f3leo y gas, y promoviendo la conservaci\u00f3n de las tierras p\u00fablicas para la protecci\u00f3n de las cuencas hidrogr\u00e1ficas y la vida silvestre&quot;, dijo Chillcott.<\/span><span data-ccp-props=\"{&quot;201341983&quot;:0,&quot;335559739&quot;:240,&quot;335559740&quot;:279}\">\u00a0<\/span><\/p>\n<p><span data-contrast=\"auto\">La regla es tremendamente popular. <\/span><a href=\"https:\/\/westernpriorities.org\/2023\/07\/analysis-public-comments-overwhelmingly-support-blm-public-lands-rule\/\"><span data-contrast=\"none\">noventa y dos por ciento<\/span><\/a><span data-contrast=\"none\"> de los comentarios p\u00fablicos apoyaron colocar la conservaci\u00f3n de tierras p\u00fablicas al mismo nivel que la extracci\u00f3n. <\/span><a href=\"https:\/\/www.coloradocollege.edu\/other\/stateoftherockies\/conservationinthewest\/2023.html\"><span data-contrast=\"none\">Ochenta y dos por ciento<\/span><\/a><span data-contrast=\"none\"> de los votantes en el Oeste de las Monta\u00f1as Rocosas apoyan el objetivo nacional de conservar las tierras y aguas p\u00fablicas en la pr\u00f3xima d\u00e9cada, incluidos m\u00e1s de dos tercios de los votantes republicanos conservadores. Adem\u00e1s de los comentarios p\u00fablicos, <\/span><a href=\"https:\/\/www.heinrich.senate.gov\/imo\/media\/doc\/blm_conservation_land_use_rule_letter1.pdf\"><span data-contrast=\"none\">Miembros del Congreso<\/span><\/a><span data-contrast=\"none\">, <\/span><a href=\"https:\/\/www.themountainpact.org\/blm-colorado-letter-2023\"><span data-contrast=\"none\">funcionarios electos locales<\/span><\/a><span data-contrast=\"none\">, <\/span><a href=\"https:\/\/drive.google.com\/file\/d\/1YaKSiwKTefvS6heWvyaISIZAJjQeisRW\/view\"><span data-contrast=\"none\">eruditos legales<\/span><\/a><span data-contrast=\"none\">, <\/span><a href=\"https:\/\/docs.google.com\/document\/d\/1eAyzYjUfgTUL60pJjO9z8omuze2EHGEg40vpp-0mTWU\/edit\"><span data-contrast=\"none\">cient\u00edficos<\/span><\/a><span data-contrast=\"none\">, <\/span><a href=\"https:\/\/docs.google.com\/document\/d\/18ylUtpZ19MoLERNj-OSVC_hWLSRBcFJ6p5bhDyuhpRM\/edit\"><span data-contrast=\"none\">Fiscales Generales<\/span><\/a><span data-contrast=\"none\">,<\/span><a href=\"https:\/\/tucson.com\/opinion\/column\/arizona-opinion-arizona-is-growing-but-how-about-conservation\/article_8a80f400-15f5-11ee-be6e-87c1a8a9d84a.html#tracking-source=home-top-story\"><span data-contrast=\"none\"> ex funcionarios de la Oficina de Gesti\u00f3n de Tierras<\/span><\/a><span data-contrast=\"none\">, <\/span><a href=\"https:\/\/www.sltrib.com\/opinion\/commentary\/2023\/06\/08\/kaden-mcarthur-blm-rule-elevating\/\"><span data-contrast=\"none\">cazadores y pescadores<\/span><\/a><span data-contrast=\"none\"> y <\/span><a href=\"https:\/\/docs.google.com\/document\/d\/1Y3qXjfT7OQHchhWs_tP--ZkRC8C1au_Q99GdxJ3BU4s\/edit\"><span data-contrast=\"none\">m\u00e1s de 100 empresas<\/span><\/a><span data-contrast=\"none\">, todos apoyan la Regla de Tierras P\u00fablicas de la Oficina.<\/span><span data-ccp-props=\"{&quot;201341983&quot;:0,&quot;335559739&quot;:240,&quot;335559740&quot;:279}\">\u00a0<\/span><\/p>\n<p><span data-contrast=\"none\">La norma defiende la misi\u00f3n principal de BLM seg\u00fan los expertos de WELC, <\/span><a href=\"https:\/\/docs.google.com\/document\/d\/18ylUtpZ19MoLERNj-OSVC_hWLSRBcFJ6p5bhDyuhpRM\/edit\"><span data-contrast=\"none\">8 fiscales generales estatales<\/span><\/a><span data-contrast=\"none\">, y <\/span><a href=\"https:\/\/drive.google.com\/file\/d\/1YaKSiwKTefvS6heWvyaISIZAJjQeisRW\/view?usp=sharing\"><span data-contrast=\"none\">27 profesores de derecho.<\/span><\/a><span data-contrast=\"none\"> Los derechos v\u00e1lidos existentes para pastar, explotar minas y perforar no se ver\u00e1n afectados por las disposiciones fundamentales de la norma.<\/span><span data-ccp-props=\"{&quot;201341983&quot;:0,&quot;335559739&quot;:0,&quot;335559740&quot;:279}\">\u00a0<\/span><\/p>\n<p><span data-contrast=\"auto\">En este momento, las tierras p\u00fablicas son, lamentablemente, un problema clim\u00e1tico importante. Durante d\u00e9cadas, la agencia ha favorecido los usos extractivos en un grado extremo, como lo ejemplifica el 90% de sus tierras p\u00fablicas que la Oficina ha puesto a disposici\u00f3n para el arrendamiento de petr\u00f3leo y gas. La extracci\u00f3n de combustibles f\u00f3siles de tierras p\u00fablicas federales es una fuente importante de emisiones de gases de efecto invernadero y de los impactos clim\u00e1ticos y comunitarios asociados. El enfoque altamente permisivo del Interior hacia el desarrollo de petr\u00f3leo y gas en tierras y minerales p\u00fablicos federales ha socavado la capacidad de la administraci\u00f3n Biden para cumplir sus compromisos clim\u00e1ticos. Las compa\u00f1\u00edas de petr\u00f3leo y gas poseen arrendamientos que otorgan el derecho de perforar 26,6 millones de acres de tierras y minerales p\u00fablicos federales. Aunque casi el 53 por ciento de esos acres arrendados no son productivos, ya se han perforado 96.000 pozos y el Interior de Biden ha aprobado, sin imponer ninguna medida de mitigaci\u00f3n clim\u00e1tica, una reserva industrial de m\u00e1s de 9.000 permisos de perforaci\u00f3n adicionales. <\/span><span data-ccp-props=\"{&quot;134233117&quot;:false,&quot;134233118&quot;:false,&quot;201341983&quot;:0,&quot;335551550&quot;:1,&quot;335551620&quot;:1,&quot;335559685&quot;:0,&quot;335559737&quot;:0,&quot;335559738&quot;:0,&quot;335559739&quot;:0,&quot;335559740&quot;:279}\">\u00a0<\/span><\/p>\n<p><span data-ccp-props=\"{&quot;201341983&quot;:0,&quot;335559739&quot;:0,&quot;335559740&quot;:279}\"> <b>Contacto:<\/b><br \/>\nBarbara Chillcott, Centro de Derecho Ambiental Occidental, 406-430-3023, <a href=\"&#109;&#x61;&#105;&#x6c;t&#111;&#x3a;&#99;&#x68;i&#x6c;l&#99;&#x6f;&#116;&#x74;&#64;&#x77;&#x65;&#115;&#x74;e&#x72;n&#108;&#x61;&#119;&#x2e;o&#x72;g\">chillcott@westernlaw.org<\/a><\/span><\/p>","protected":false},"excerpt":{"rendered":"<p>Today, the Biden administration\u2019s Bureau of Land Management released a final rule elevating the role of conservation in public lands management to match uses like fossil fuel extraction, improving the balance of its multiple-use mission. The Bureau manages 40% of all public lands\u2014245 million acres primarily in the western U.S. With this rule, the agency [&hellip;]<\/p>\n","protected":false},"author":20,"featured_media":0,"comment_status":"closed","ping_status":"closed","sticky":false,"template":"","format":"standard","meta":{"_et_pb_use_builder":"","_et_pb_old_content":"","_et_gb_content_width":"","_monsterinsights_skip_tracking":false,"_monsterinsights_sitenote_active":false,"_monsterinsights_sitenote_note":"","_monsterinsights_sitenote_category":0,"footnotes":""},"categories":[245],"tags":[],"class_list":["post-25445","post","type-post","status-publish","format-standard","hentry","category-news-release"],"yoast_head":"<!-- This site is optimized with the Yoast SEO plugin v27.5 - https:\/\/yoast.com\/product\/yoast-seo-wordpress\/ -->\n<title>Landmark federal public lands rule elevates conservation\u00a0 - Western Environmental Law Center<\/title>\n<meta name=\"robots\" content=\"index, follow, max-snippet:-1, max-image-preview:large, max-video-preview:-1\" \/>\n<link rel=\"canonical\" href=\"https:\/\/westernlaw.org\/es\/landmark-federal-public-lands-rule-elevates-conservation\/\" \/>\n<meta property=\"og:locale\" content=\"es_MX\" \/>\n<meta property=\"og:type\" content=\"article\" \/>\n<meta property=\"og:title\" content=\"Landmark federal public lands rule elevates conservation\u00a0 - Western Environmental Law Center\" \/>\n<meta property=\"og:description\" content=\"Today, the Biden administration\u2019s Bureau of Land Management released a final rule elevating the role of conservation in public lands management to match uses like fossil fuel extraction, improving the balance of its multiple-use mission. The Bureau manages 40% of all public lands\u2014245 million acres primarily in the western U.S. With this rule, the agency [&hellip;]\" \/>\n<meta property=\"og:url\" content=\"https:\/\/westernlaw.org\/es\/landmark-federal-public-lands-rule-elevates-conservation\/\" \/>\n<meta property=\"og:site_name\" content=\"Western Environmental Law Center\" \/>\n<meta property=\"article:publisher\" content=\"https:\/\/www.facebook.com\/westernlaw\/\" \/>\n<meta property=\"article:published_time\" content=\"2024-04-18T18:43:07+00:00\" \/>\n<meta property=\"og:image\" content=\"https:\/\/westernlaw.org\/wp-content\/uploads\/2024\/04\/BLM-Public-Lands-rule-PR-1-1024x576.png\" \/>\n\t<meta property=\"og:image:width\" content=\"1024\" \/>\n\t<meta property=\"og:image:height\" content=\"576\" \/>\n\t<meta property=\"og:image:type\" content=\"image\/png\" \/>\n<meta name=\"author\" content=\"Brian Sweeney\" \/>\n<meta name=\"twitter:card\" content=\"summary_large_image\" \/>\n<meta name=\"twitter:creator\" content=\"@westernlaw\" \/>\n<meta name=\"twitter:site\" content=\"@westernlaw\" \/>\n<meta name=\"twitter:label1\" content=\"Escrito por\" \/>\n\t<meta name=\"twitter:data1\" content=\"Brian Sweeney\" \/>\n\t<meta name=\"twitter:label2\" content=\"Tiempo de lectura\" \/>\n\t<meta name=\"twitter:data2\" content=\"3 minutos\" \/>\n<script type=\"application\/ld+json\" class=\"yoast-schema-graph\">{\"@context\":\"https:\\\/\\\/schema.org\",\"@graph\":[{\"@type\":\"Article\",\"@id\":\"https:\\\/\\\/westernlaw.org\\\/landmark-federal-public-lands-rule-elevates-conservation\\\/#article\",\"isPartOf\":{\"@id\":\"https:\\\/\\\/westernlaw.org\\\/landmark-federal-public-lands-rule-elevates-conservation\\\/\"},\"author\":{\"name\":\"Brian Sweeney\",\"@id\":\"https:\\\/\\\/westernlaw.org\\\/#\\\/schema\\\/person\\\/02134c803a0cc49d2b7830a7d5998721\"},\"headline\":\"Landmark federal public lands rule elevates conservation\u00a0\",\"datePublished\":\"2024-04-18T18:43:07+00:00\",\"mainEntityOfPage\":{\"@id\":\"https:\\\/\\\/westernlaw.org\\\/landmark-federal-public-lands-rule-elevates-conservation\\\/\"},\"wordCount\":549,\"publisher\":{\"@id\":\"https:\\\/\\\/westernlaw.org\\\/#organization\"},\"articleSection\":[\"News Release\"],\"inLanguage\":\"es\"},{\"@type\":\"WebPage\",\"@id\":\"https:\\\/\\\/westernlaw.org\\\/landmark-federal-public-lands-rule-elevates-conservation\\\/\",\"url\":\"https:\\\/\\\/westernlaw.org\\\/landmark-federal-public-lands-rule-elevates-conservation\\\/\",\"name\":\"Landmark federal public lands rule elevates conservation\u00a0 - Western Environmental Law Center\",\"isPartOf\":{\"@id\":\"https:\\\/\\\/westernlaw.org\\\/#website\"},\"datePublished\":\"2024-04-18T18:43:07+00:00\",\"breadcrumb\":{\"@id\":\"https:\\\/\\\/westernlaw.org\\\/landmark-federal-public-lands-rule-elevates-conservation\\\/#breadcrumb\"},\"inLanguage\":\"es\",\"potentialAction\":[{\"@type\":\"ReadAction\",\"target\":[\"https:\\\/\\\/westernlaw.org\\\/landmark-federal-public-lands-rule-elevates-conservation\\\/\"]}]},{\"@type\":\"BreadcrumbList\",\"@id\":\"https:\\\/\\\/westernlaw.org\\\/landmark-federal-public-lands-rule-elevates-conservation\\\/#breadcrumb\",\"itemListElement\":[{\"@type\":\"ListItem\",\"position\":1,\"name\":\"Home\",\"item\":\"https:\\\/\\\/westernlaw.org\\\/\"},{\"@type\":\"ListItem\",\"position\":2,\"name\":\"Landmark federal public lands rule elevates conservation\u00a0\"}]},{\"@type\":\"WebSite\",\"@id\":\"https:\\\/\\\/westernlaw.org\\\/#website\",\"url\":\"https:\\\/\\\/westernlaw.org\\\/\",\"name\":\"Western Environmental Law Center\",\"description\":\"Defending the West\",\"publisher\":{\"@id\":\"https:\\\/\\\/westernlaw.org\\\/#organization\"},\"potentialAction\":[{\"@type\":\"SearchAction\",\"target\":{\"@type\":\"EntryPoint\",\"urlTemplate\":\"https:\\\/\\\/westernlaw.org\\\/?s={search_term_string}\"},\"query-input\":{\"@type\":\"PropertyValueSpecification\",\"valueRequired\":true,\"valueName\":\"search_term_string\"}}],\"inLanguage\":\"es\"},{\"@type\":\"Organization\",\"@id\":\"https:\\\/\\\/westernlaw.org\\\/#organization\",\"name\":\"Western Environmental Law Center\",\"url\":\"https:\\\/\\\/westernlaw.org\\\/\",\"logo\":{\"@type\":\"ImageObject\",\"inLanguage\":\"es\",\"@id\":\"https:\\\/\\\/westernlaw.org\\\/#\\\/schema\\\/logo\\\/image\\\/\",\"url\":\"https:\\\/\\\/westernlaw.org\\\/wp-content\\\/uploads\\\/2017\\\/03\\\/WELC-logo-600-1.png\",\"contentUrl\":\"https:\\\/\\\/westernlaw.org\\\/wp-content\\\/uploads\\\/2017\\\/03\\\/WELC-logo-600-1.png\",\"width\":600,\"height\":600,\"caption\":\"Western Environmental Law Center\"},\"image\":{\"@id\":\"https:\\\/\\\/westernlaw.org\\\/#\\\/schema\\\/logo\\\/image\\\/\"},\"sameAs\":[\"https:\\\/\\\/www.facebook.com\\\/westernlaw\\\/\",\"https:\\\/\\\/x.com\\\/westernlaw\",\"https:\\\/\\\/www.instagram.com\\\/welc_org\\\/\"]},{\"@type\":\"Person\",\"@id\":\"https:\\\/\\\/westernlaw.org\\\/#\\\/schema\\\/person\\\/02134c803a0cc49d2b7830a7d5998721\",\"name\":\"Brian Sweeney\",\"image\":{\"@type\":\"ImageObject\",\"inLanguage\":\"es\",\"@id\":\"https:\\\/\\\/secure.gravatar.com\\\/avatar\\\/4431360c8fb2980350d184c5da2fe545ed7520096297a790266b7a28271261de?s=96&d=mm&r=g\",\"url\":\"https:\\\/\\\/secure.gravatar.com\\\/avatar\\\/4431360c8fb2980350d184c5da2fe545ed7520096297a790266b7a28271261de?s=96&d=mm&r=g\",\"contentUrl\":\"https:\\\/\\\/secure.gravatar.com\\\/avatar\\\/4431360c8fb2980350d184c5da2fe545ed7520096297a790266b7a28271261de?s=96&d=mm&r=g\",\"caption\":\"Brian Sweeney\"},\"url\":\"https:\\\/\\\/westernlaw.org\\\/es\\\/author\\\/brian\\\/\"}]}<\/script>\n<!-- \/ Yoast SEO plugin. -->","yoast_head_json":{"title":"Una norma hist\u00f3rica sobre tierras p\u00fablicas federales eleva la conservaci\u00f3n - Western Environmental Law Center","robots":{"index":"index","follow":"follow","max-snippet":"max-snippet:-1","max-image-preview":"max-image-preview:large","max-video-preview":"max-video-preview:-1"},"canonical":"https:\/\/westernlaw.org\/es\/landmark-federal-public-lands-rule-elevates-conservation\/","og_locale":"es_MX","og_type":"article","og_title":"Landmark federal public lands rule elevates conservation\u00a0 - Western Environmental Law Center","og_description":"Today, the Biden administration\u2019s Bureau of Land Management released a final rule elevating the role of conservation in public lands management to match uses like fossil fuel extraction, improving the balance of its multiple-use mission. The Bureau manages 40% of all public lands\u2014245 million acres primarily in the western U.S. With this rule, the agency [&hellip;]","og_url":"https:\/\/westernlaw.org\/es\/landmark-federal-public-lands-rule-elevates-conservation\/","og_site_name":"Western Environmental Law Center","article_publisher":"https:\/\/www.facebook.com\/westernlaw\/","article_published_time":"2024-04-18T18:43:07+00:00","og_image":[{"width":1024,"height":576,"url":"https:\/\/westernlaw.org\/wp-content\/uploads\/2024\/04\/BLM-Public-Lands-rule-PR-1-1024x576.png","type":"image\/png"}],"author":"Brian Sweeney","twitter_card":"summary_large_image","twitter_creator":"@westernlaw","twitter_site":"@westernlaw","twitter_misc":{"Escrito por":"Brian Sweeney","Tiempo de lectura":"3 minutos"},"schema":{"@context":"https:\/\/schema.org","@graph":[{"@type":"Article","@id":"https:\/\/westernlaw.org\/landmark-federal-public-lands-rule-elevates-conservation\/#article","isPartOf":{"@id":"https:\/\/westernlaw.org\/landmark-federal-public-lands-rule-elevates-conservation\/"},"author":{"name":"Brian Sweeney","@id":"https:\/\/westernlaw.org\/#\/schema\/person\/02134c803a0cc49d2b7830a7d5998721"},"headline":"Landmark federal public lands rule elevates conservation\u00a0","datePublished":"2024-04-18T18:43:07+00:00","mainEntityOfPage":{"@id":"https:\/\/westernlaw.org\/landmark-federal-public-lands-rule-elevates-conservation\/"},"wordCount":549,"publisher":{"@id":"https:\/\/westernlaw.org\/#organization"},"articleSection":["News Release"],"inLanguage":"es"},{"@type":"WebPage","@id":"https:\/\/westernlaw.org\/landmark-federal-public-lands-rule-elevates-conservation\/","url":"https:\/\/westernlaw.org\/landmark-federal-public-lands-rule-elevates-conservation\/","name":"Una norma hist\u00f3rica sobre tierras p\u00fablicas federales eleva la conservaci\u00f3n - Western Environmental Law Center","isPartOf":{"@id":"https:\/\/westernlaw.org\/#website"},"datePublished":"2024-04-18T18:43:07+00:00","breadcrumb":{"@id":"https:\/\/westernlaw.org\/landmark-federal-public-lands-rule-elevates-conservation\/#breadcrumb"},"inLanguage":"es","potentialAction":[{"@type":"ReadAction","target":["https:\/\/westernlaw.org\/landmark-federal-public-lands-rule-elevates-conservation\/"]}]},{"@type":"BreadcrumbList","@id":"https:\/\/westernlaw.org\/landmark-federal-public-lands-rule-elevates-conservation\/#breadcrumb","itemListElement":[{"@type":"ListItem","position":1,"name":"Home","item":"https:\/\/westernlaw.org\/"},{"@type":"ListItem","position":2,"name":"Landmark federal public lands rule elevates conservation\u00a0"}]},{"@type":"WebSite","@id":"https:\/\/westernlaw.org\/#website","url":"https:\/\/westernlaw.org\/","name":"Centro de Derecho Ambiental Occidental","description":"Defendemos el Oeste","publisher":{"@id":"https:\/\/westernlaw.org\/#organization"},"potentialAction":[{"@type":"SearchAction","target":{"@type":"EntryPoint","urlTemplate":"https:\/\/westernlaw.org\/?s={search_term_string}"},"query-input":{"@type":"PropertyValueSpecification","valueRequired":true,"valueName":"search_term_string"}}],"inLanguage":"es"},{"@type":"Organization","@id":"https:\/\/westernlaw.org\/#organization","name":"Centro de Derecho Ambiental Occidental","url":"https:\/\/westernlaw.org\/","logo":{"@type":"ImageObject","inLanguage":"es","@id":"https:\/\/westernlaw.org\/#\/schema\/logo\/image\/","url":"https:\/\/westernlaw.org\/wp-content\/uploads\/2017\/03\/WELC-logo-600-1.png","contentUrl":"https:\/\/westernlaw.org\/wp-content\/uploads\/2017\/03\/WELC-logo-600-1.png","width":600,"height":600,"caption":"Western Environmental Law Center"},"image":{"@id":"https:\/\/westernlaw.org\/#\/schema\/logo\/image\/"},"sameAs":["https:\/\/www.facebook.com\/westernlaw\/","https:\/\/x.com\/westernlaw","https:\/\/www.instagram.com\/welc_org\/"]},{"@type":"Person","@id":"https:\/\/westernlaw.org\/#\/schema\/person\/02134c803a0cc49d2b7830a7d5998721","name":"Brian Sweeney","image":{"@type":"ImageObject","inLanguage":"es","@id":"https:\/\/secure.gravatar.com\/avatar\/4431360c8fb2980350d184c5da2fe545ed7520096297a790266b7a28271261de?s=96&d=mm&r=g","url":"https:\/\/secure.gravatar.com\/avatar\/4431360c8fb2980350d184c5da2fe545ed7520096297a790266b7a28271261de?s=96&d=mm&r=g","contentUrl":"https:\/\/secure.gravatar.com\/avatar\/4431360c8fb2980350d184c5da2fe545ed7520096297a790266b7a28271261de?s=96&d=mm&r=g","caption":"Brian Sweeney"},"url":"https:\/\/westernlaw.org\/es\/author\/brian\/"}]}},"_links":{"self":[{"href":"https:\/\/westernlaw.org\/es\/wp-json\/wp\/v2\/posts\/25445","targetHints":{"allow":["GET"]}}],"collection":[{"href":"https:\/\/westernlaw.org\/es\/wp-json\/wp\/v2\/posts"}],"about":[{"href":"https:\/\/westernlaw.org\/es\/wp-json\/wp\/v2\/types\/post"}],"author":[{"embeddable":true,"href":"https:\/\/westernlaw.org\/es\/wp-json\/wp\/v2\/users\/20"}],"replies":[{"embeddable":true,"href":"https:\/\/westernlaw.org\/es\/wp-json\/wp\/v2\/comments?post=25445"}],"version-history":[{"count":1,"href":"https:\/\/westernlaw.org\/es\/wp-json\/wp\/v2\/posts\/25445\/revisions"}],"predecessor-version":[{"id":25447,"href":"https:\/\/westernlaw.org\/es\/wp-json\/wp\/v2\/posts\/25445\/revisions\/25447"}],"wp:attachment":[{"href":"https:\/\/westernlaw.org\/es\/wp-json\/wp\/v2\/media?parent=25445"}],"wp:term":[{"taxonomy":"category","embeddable":true,"href":"https:\/\/westernlaw.org\/es\/wp-json\/wp\/v2\/categories?post=25445"},{"taxonomy":"post_tag","embeddable":true,"href":"https:\/\/westernlaw.org\/es\/wp-json\/wp\/v2\/tags?post=25445"}],"curies":[{"name":"gracias","href":"https:\/\/api.w.org\/{rel}","templated":true}]}}