{"id":23101,"date":"2022-07-05T14:54:34","date_gmt":"2022-07-05T14:54:34","guid":{"rendered":"https:\/\/westernlaw.org\/?p=23101"},"modified":"2022-07-18T15:00:05","modified_gmt":"2022-07-18T15:00:05","slug":"legal-warning-challenges-plan-to-log-thousands-of-acres-of-oregons-old-growth-forest-reserves","status":"publish","type":"post","link":"https:\/\/westernlaw.org\/es\/legal-warning-challenges-plan-to-log-thousands-of-acres-of-oregons-old-growth-forest-reserves\/","title":{"rendered":"Los conservacionistas emiten una advertencia legal sobre el plan para talar miles de acres de reservas de bosques primarios de Oreg\u00f3n"},"content":{"rendered":"<p>Una coalici\u00f3n de organizaciones de conservaci\u00f3n de Oreg\u00f3n <a href=\"https:\/\/westernlaw.org\/wp-content\/uploads\/2022\/07\/2022.07.01-IVM-Marten-NOI.pdf\">notificado<\/a> la Oficina de Administraci\u00f3n de Tierras tiene hoy la intenci\u00f3n de demandar a la agencia para proteger a los m\u00e9rgulos jaspeados y las martas costeras de un plan de la agencia para talar miles de acres de bosques primarios en \u00e1reas designadas como reservas de sucesi\u00f3n tard\u00eda. Las reservas fueron designadas como parte del Plan Forestal del Noroeste para proteger a las dos especies amenazadas, as\u00ed como a cientos de otras.<\/p>\n<p>\u201cYa es hora de que la administraci\u00f3n de Biden y el Departamento del Interior cumplan las promesas que han hecho al p\u00fablico con respecto a la conservaci\u00f3n de las especies en peligro\u201d, dijo Susan Jane Brown, directora del Programa de Vida Silvestre y Vida Silvestre del Western Environmental Law Center. \u201cEl Proyecto de Manejo Integrado de la Vegetaci\u00f3n de BLM no se basa en la mejor ciencia disponible y empujar\u00e1 a las especies en riesgo m\u00e1s all\u00e1 del borde de la extinci\u00f3n. El BLM y el Servicio de Pesca y Vida Silvestre deben cambiar de rumbo ahora para proteger la preciada vida silvestre\u201d.<\/p>\n<p>\u201cLos planes de la Oficina para eliminar miles de acres de bosques primarios de las reservas de sucesi\u00f3n tard\u00eda en el sur de Oreg\u00f3n es una sentencia de muerte para la vida silvestre que est\u00e1 al borde de la extinci\u00f3n\u201d, dijo Nick Cady, director legal de Cascadia Wildlands.<\/p>\n<p>El \u201cProyecto de Manejo Integrado de la Vegetaci\u00f3n\u201d de la Oficina propone el uso de una amplia gama de actividades, incluida la tala comercial en 17,000 acres que incluyen bosques maduros y viejos que destruir\u00edan el h\u00e1bitat de las especies amenazadas y en peligro de extinci\u00f3n.<\/p>\n<p>\u201cComo residente del sur de Oreg\u00f3n que vive en una ciudad que fue diezmada por el incendio de Almeda de 2020, me siento frustrado por la negativa de la Oficina a trabajar con sus vecinos\u201d, dijo George Sexton, director de conservaci\u00f3n de KS Wild. \u201cEn lugar de apuntar a las reservas de vida silvestre del interior del pa\u00eds para la producci\u00f3n de madera, la Oficina deber\u00eda trabajar para reducir las plantaciones de madera y proteger los hogares y las comunidades\u201d.<\/p>\n<p>El proyecto cubre un per\u00edodo de 10 a\u00f1os y degradar\u00eda decenas de miles de acres de tierra p\u00fablica. Aunque tiene la intenci\u00f3n de promover pr\u00e1cticas de manejo de incendios forestales m\u00e1s efectivas, el proyecto permite la eliminaci\u00f3n de \u00e1rboles de mayor di\u00e1metro y la reducci\u00f3n de la cubierta de dosel, los cuales hacen que los bosques sean menos resistentes al fuego.<\/p>\n<p>\u201cEstas agencias encontrar\u00e1n cualquier excusa para talar \u00e1rboles m\u00e1s grandes y viejos, incluso si eso significa devastar las hermosas reservas de vida silvestre de Oreg\u00f3n\u201d, dijo Quinn Read, director de pol\u00edticas de Oreg\u00f3n en el Centro para la Diversidad Biol\u00f3gica. \u201cEste plan aprueba la destrucci\u00f3n del h\u00e1bitat de anidaci\u00f3n de los m\u00e9rgulos jaspeados y permitir\u00e1 que la peque\u00f1a poblaci\u00f3n de martas costeras de Oreg\u00f3n sea eliminada una por una. Se burla de nuestras reservas de vida silvestre a medida que estas especies se acercan a la extinci\u00f3n. No nos quedaremos de brazos cruzados viendo c\u00f3mo sucede esto\u201d.<\/p>\n<p><strong>Contactos:\u00a0\u00a0\u00a0\u00a0\u00a0\u00a0<\/strong><\/p>\n<p>Susan Jane Brown, Centro de Derecho Ambiental Occidental, 503-680-5513, <a href=\"&#109;a&#x69;l&#x74;o&#x3a;b&#x72;o&#x77;n&#x40;&#119;&#x65;&#115;&#x74;&#101;&#x72;&#110;&#x6c;&#97;&#x77;&#46;&#x6f;&#114;g\">brown@westernlaw.org<\/a><\/p>\n<p>Quinn Read, Centro para la Diversidad Biol\u00f3gica, 206-979-3074, <a href=\"mailto&#58;&#81;&#82;&#101;&#97;&#100;&#64;&#x62;&#x69;&#x6f;&#x6c;&#x6f;&#x67;&#x69;&#x63;&#x61;&#x6c;&#x64;&#x69;versit&#121;&#46;&#111;&#114;&#103;\">QRead@biologicaldiversity.org<\/a><\/p>\n<p>Nick Cady, Cascadia Wildlands, 314-482-3746, <a href=\"ma&#105;&#108;&#116;&#x6f;&#x3a;&#x6e;&#x69;&#x63;k&#64;&#99;&#97;&#115;&#x63;&#x77;&#x69;&#x6c;&#x64;&#46;o&#114;&#103;\">nick@cascwild.org<\/a><\/p>\n<p>George Sexton, Centro de Tierras Silvestres Klamath Siskiyou, 541-778-8120, <a href=\"&#109;&#97;&#x69;&#x6c;&#116;&#111;&#x3a;&#x67;&#115;&#64;&#x6b;&#x73;&#119;&#105;&#x6c;&#x64;&#46;&#111;&#x72;&#x67;\">gs@kswild.org<\/a><\/p>","protected":false},"excerpt":{"rendered":"<p>A coalition of Oregon conservation organizations notified the Bureau of Land Management today it intends to sue the agency to protect marbled murrelets and coastal martens from a plan by the agency to log thousands of acres of old-growth forest in areas designated as late-successional reserves. The reserves were designated as part of the Northwest [&hellip;]<\/p>\n","protected":false},"author":20,"featured_media":0,"comment_status":"closed","ping_status":"closed","sticky":false,"template":"","format":"standard","meta":{"_et_pb_use_builder":"","_et_pb_old_content":"","_et_gb_content_width":"","_monsterinsights_skip_tracking":false,"_monsterinsights_sitenote_active":false,"_monsterinsights_sitenote_note":"","_monsterinsights_sitenote_category":0,"footnotes":""},"categories":[245],"tags":[],"class_list":["post-23101","post","type-post","status-publish","format-standard","hentry","category-news-release"],"yoast_head":"<!-- This site is optimized with the Yoast SEO plugin v27.5 - https:\/\/yoast.com\/product\/yoast-seo-wordpress\/ -->\n<title>Conservationists issue legal warning over plan to log thousands of acres of Oregon\u2019s old-growth forest reserves - Western Environmental Law Center<\/title>\n<meta name=\"robots\" content=\"index, follow, max-snippet:-1, max-image-preview:large, max-video-preview:-1\" \/>\n<link rel=\"canonical\" href=\"https:\/\/westernlaw.org\/es\/legal-warning-challenges-plan-to-log-thousands-of-acres-of-oregons-old-growth-forest-reserves\/\" \/>\n<meta property=\"og:locale\" content=\"es_MX\" \/>\n<meta property=\"og:type\" content=\"article\" \/>\n<meta property=\"og:title\" content=\"Conservationists issue legal warning over plan to log thousands of acres of Oregon\u2019s old-growth forest reserves - Western Environmental Law Center\" \/>\n<meta property=\"og:description\" content=\"A coalition of Oregon conservation organizations notified the Bureau of Land Management today it intends to sue the agency to protect marbled murrelets and coastal martens from a plan by the agency to log thousands of acres of old-growth forest in areas designated as late-successional reserves. The reserves were designated as part of the Northwest [&hellip;]\" \/>\n<meta property=\"og:url\" content=\"https:\/\/westernlaw.org\/es\/legal-warning-challenges-plan-to-log-thousands-of-acres-of-oregons-old-growth-forest-reserves\/\" \/>\n<meta property=\"og:site_name\" content=\"Western Environmental Law Center\" \/>\n<meta property=\"article:publisher\" content=\"https:\/\/www.facebook.com\/westernlaw\/\" \/>\n<meta property=\"article:published_time\" content=\"2022-07-05T14:54:34+00:00\" \/>\n<meta property=\"article:modified_time\" content=\"2022-07-18T15:00:05+00:00\" \/>\n<meta property=\"og:image\" content=\"https:\/\/westernlaw.org\/wp-content\/uploads\/2022\/07\/Pacific-Marten-Oregon-Logging-NOI-Graphic.png\" \/>\n\t<meta property=\"og:image:width\" content=\"1200\" \/>\n\t<meta property=\"og:image:height\" content=\"628\" \/>\n\t<meta property=\"og:image:type\" content=\"image\/png\" \/>\n<meta name=\"author\" content=\"Brian Sweeney\" \/>\n<meta name=\"twitter:card\" content=\"summary_large_image\" \/>\n<meta name=\"twitter:creator\" content=\"@westernlaw\" \/>\n<meta name=\"twitter:site\" content=\"@westernlaw\" \/>\n<meta name=\"twitter:label1\" content=\"Escrito por\" \/>\n\t<meta name=\"twitter:data1\" content=\"Brian Sweeney\" \/>\n\t<meta name=\"twitter:label2\" content=\"Tiempo de lectura\" \/>\n\t<meta name=\"twitter:data2\" content=\"2 minutos\" \/>\n<script type=\"application\/ld+json\" class=\"yoast-schema-graph\">{\"@context\":\"https:\\\/\\\/schema.org\",\"@graph\":[{\"@type\":\"Article\",\"@id\":\"https:\\\/\\\/westernlaw.org\\\/legal-warning-challenges-plan-to-log-thousands-of-acres-of-oregons-old-growth-forest-reserves\\\/#article\",\"isPartOf\":{\"@id\":\"https:\\\/\\\/westernlaw.org\\\/legal-warning-challenges-plan-to-log-thousands-of-acres-of-oregons-old-growth-forest-reserves\\\/\"},\"author\":{\"name\":\"Brian Sweeney\",\"@id\":\"https:\\\/\\\/westernlaw.org\\\/#\\\/schema\\\/person\\\/02134c803a0cc49d2b7830a7d5998721\"},\"headline\":\"Conservationists issue legal warning over plan to log thousands of acres of Oregon\u2019s old-growth forest reserves\",\"datePublished\":\"2022-07-05T14:54:34+00:00\",\"dateModified\":\"2022-07-18T15:00:05+00:00\",\"mainEntityOfPage\":{\"@id\":\"https:\\\/\\\/westernlaw.org\\\/legal-warning-challenges-plan-to-log-thousands-of-acres-of-oregons-old-growth-forest-reserves\\\/\"},\"wordCount\":488,\"publisher\":{\"@id\":\"https:\\\/\\\/westernlaw.org\\\/#organization\"},\"articleSection\":[\"News Release\"],\"inLanguage\":\"es\"},{\"@type\":\"WebPage\",\"@id\":\"https:\\\/\\\/westernlaw.org\\\/legal-warning-challenges-plan-to-log-thousands-of-acres-of-oregons-old-growth-forest-reserves\\\/\",\"url\":\"https:\\\/\\\/westernlaw.org\\\/legal-warning-challenges-plan-to-log-thousands-of-acres-of-oregons-old-growth-forest-reserves\\\/\",\"name\":\"Conservationists issue legal warning over plan to log thousands of acres of Oregon\u2019s old-growth forest reserves - Western Environmental Law Center\",\"isPartOf\":{\"@id\":\"https:\\\/\\\/westernlaw.org\\\/#website\"},\"datePublished\":\"2022-07-05T14:54:34+00:00\",\"dateModified\":\"2022-07-18T15:00:05+00:00\",\"breadcrumb\":{\"@id\":\"https:\\\/\\\/westernlaw.org\\\/legal-warning-challenges-plan-to-log-thousands-of-acres-of-oregons-old-growth-forest-reserves\\\/#breadcrumb\"},\"inLanguage\":\"es\",\"potentialAction\":[{\"@type\":\"ReadAction\",\"target\":[\"https:\\\/\\\/westernlaw.org\\\/legal-warning-challenges-plan-to-log-thousands-of-acres-of-oregons-old-growth-forest-reserves\\\/\"]}]},{\"@type\":\"BreadcrumbList\",\"@id\":\"https:\\\/\\\/westernlaw.org\\\/legal-warning-challenges-plan-to-log-thousands-of-acres-of-oregons-old-growth-forest-reserves\\\/#breadcrumb\",\"itemListElement\":[{\"@type\":\"ListItem\",\"position\":1,\"name\":\"Home\",\"item\":\"https:\\\/\\\/westernlaw.org\\\/\"},{\"@type\":\"ListItem\",\"position\":2,\"name\":\"Conservationists issue legal warning over plan to log thousands of acres of Oregon\u2019s old-growth forest reserves\"}]},{\"@type\":\"WebSite\",\"@id\":\"https:\\\/\\\/westernlaw.org\\\/#website\",\"url\":\"https:\\\/\\\/westernlaw.org\\\/\",\"name\":\"Western Environmental Law Center\",\"description\":\"Defending the West\",\"publisher\":{\"@id\":\"https:\\\/\\\/westernlaw.org\\\/#organization\"},\"potentialAction\":[{\"@type\":\"SearchAction\",\"target\":{\"@type\":\"EntryPoint\",\"urlTemplate\":\"https:\\\/\\\/westernlaw.org\\\/?s={search_term_string}\"},\"query-input\":{\"@type\":\"PropertyValueSpecification\",\"valueRequired\":true,\"valueName\":\"search_term_string\"}}],\"inLanguage\":\"es\"},{\"@type\":\"Organization\",\"@id\":\"https:\\\/\\\/westernlaw.org\\\/#organization\",\"name\":\"Western Environmental Law Center\",\"url\":\"https:\\\/\\\/westernlaw.org\\\/\",\"logo\":{\"@type\":\"ImageObject\",\"inLanguage\":\"es\",\"@id\":\"https:\\\/\\\/westernlaw.org\\\/#\\\/schema\\\/logo\\\/image\\\/\",\"url\":\"https:\\\/\\\/westernlaw.org\\\/wp-content\\\/uploads\\\/2017\\\/03\\\/WELC-logo-600-1.png\",\"contentUrl\":\"https:\\\/\\\/westernlaw.org\\\/wp-content\\\/uploads\\\/2017\\\/03\\\/WELC-logo-600-1.png\",\"width\":600,\"height\":600,\"caption\":\"Western Environmental Law Center\"},\"image\":{\"@id\":\"https:\\\/\\\/westernlaw.org\\\/#\\\/schema\\\/logo\\\/image\\\/\"},\"sameAs\":[\"https:\\\/\\\/www.facebook.com\\\/westernlaw\\\/\",\"https:\\\/\\\/x.com\\\/westernlaw\",\"https:\\\/\\\/www.instagram.com\\\/welc_org\\\/\"]},{\"@type\":\"Person\",\"@id\":\"https:\\\/\\\/westernlaw.org\\\/#\\\/schema\\\/person\\\/02134c803a0cc49d2b7830a7d5998721\",\"name\":\"Brian Sweeney\",\"image\":{\"@type\":\"ImageObject\",\"inLanguage\":\"es\",\"@id\":\"https:\\\/\\\/secure.gravatar.com\\\/avatar\\\/4431360c8fb2980350d184c5da2fe545ed7520096297a790266b7a28271261de?s=96&d=mm&r=g\",\"url\":\"https:\\\/\\\/secure.gravatar.com\\\/avatar\\\/4431360c8fb2980350d184c5da2fe545ed7520096297a790266b7a28271261de?s=96&d=mm&r=g\",\"contentUrl\":\"https:\\\/\\\/secure.gravatar.com\\\/avatar\\\/4431360c8fb2980350d184c5da2fe545ed7520096297a790266b7a28271261de?s=96&d=mm&r=g\",\"caption\":\"Brian Sweeney\"},\"url\":\"https:\\\/\\\/westernlaw.org\\\/es\\\/author\\\/brian\\\/\"}]}<\/script>\n<!-- \/ Yoast SEO plugin. -->","yoast_head_json":{"title":"Los conservacionistas emiten una advertencia legal sobre el plan de talar miles de acres de las reservas forestales antiguas de Oreg\u00f3n - Western Environmental Law Center","robots":{"index":"index","follow":"follow","max-snippet":"max-snippet:-1","max-image-preview":"max-image-preview:large","max-video-preview":"max-video-preview:-1"},"canonical":"https:\/\/westernlaw.org\/es\/legal-warning-challenges-plan-to-log-thousands-of-acres-of-oregons-old-growth-forest-reserves\/","og_locale":"es_MX","og_type":"article","og_title":"Conservationists issue legal warning over plan to log thousands of acres of Oregon\u2019s old-growth forest reserves - Western Environmental Law Center","og_description":"A coalition of Oregon conservation organizations notified the Bureau of Land Management today it intends to sue the agency to protect marbled murrelets and coastal martens from a plan by the agency to log thousands of acres of old-growth forest in areas designated as late-successional reserves. The reserves were designated as part of the Northwest [&hellip;]","og_url":"https:\/\/westernlaw.org\/es\/legal-warning-challenges-plan-to-log-thousands-of-acres-of-oregons-old-growth-forest-reserves\/","og_site_name":"Western Environmental Law Center","article_publisher":"https:\/\/www.facebook.com\/westernlaw\/","article_published_time":"2022-07-05T14:54:34+00:00","article_modified_time":"2022-07-18T15:00:05+00:00","og_image":[{"width":1200,"height":628,"url":"https:\/\/westernlaw.org\/wp-content\/uploads\/2022\/07\/Pacific-Marten-Oregon-Logging-NOI-Graphic.png","type":"image\/png"}],"author":"Brian Sweeney","twitter_card":"summary_large_image","twitter_creator":"@westernlaw","twitter_site":"@westernlaw","twitter_misc":{"Escrito por":"Brian Sweeney","Tiempo de lectura":"2 minutos"},"schema":{"@context":"https:\/\/schema.org","@graph":[{"@type":"Article","@id":"https:\/\/westernlaw.org\/legal-warning-challenges-plan-to-log-thousands-of-acres-of-oregons-old-growth-forest-reserves\/#article","isPartOf":{"@id":"https:\/\/westernlaw.org\/legal-warning-challenges-plan-to-log-thousands-of-acres-of-oregons-old-growth-forest-reserves\/"},"author":{"name":"Brian Sweeney","@id":"https:\/\/westernlaw.org\/#\/schema\/person\/02134c803a0cc49d2b7830a7d5998721"},"headline":"Conservationists issue legal warning over plan to log thousands of acres of Oregon\u2019s old-growth forest reserves","datePublished":"2022-07-05T14:54:34+00:00","dateModified":"2022-07-18T15:00:05+00:00","mainEntityOfPage":{"@id":"https:\/\/westernlaw.org\/legal-warning-challenges-plan-to-log-thousands-of-acres-of-oregons-old-growth-forest-reserves\/"},"wordCount":488,"publisher":{"@id":"https:\/\/westernlaw.org\/#organization"},"articleSection":["News Release"],"inLanguage":"es"},{"@type":"WebPage","@id":"https:\/\/westernlaw.org\/legal-warning-challenges-plan-to-log-thousands-of-acres-of-oregons-old-growth-forest-reserves\/","url":"https:\/\/westernlaw.org\/legal-warning-challenges-plan-to-log-thousands-of-acres-of-oregons-old-growth-forest-reserves\/","name":"Los conservacionistas emiten una advertencia legal sobre el plan de talar miles de acres de las reservas forestales antiguas de Oreg\u00f3n - Western Environmental Law Center","isPartOf":{"@id":"https:\/\/westernlaw.org\/#website"},"datePublished":"2022-07-05T14:54:34+00:00","dateModified":"2022-07-18T15:00:05+00:00","breadcrumb":{"@id":"https:\/\/westernlaw.org\/legal-warning-challenges-plan-to-log-thousands-of-acres-of-oregons-old-growth-forest-reserves\/#breadcrumb"},"inLanguage":"es","potentialAction":[{"@type":"ReadAction","target":["https:\/\/westernlaw.org\/legal-warning-challenges-plan-to-log-thousands-of-acres-of-oregons-old-growth-forest-reserves\/"]}]},{"@type":"BreadcrumbList","@id":"https:\/\/westernlaw.org\/legal-warning-challenges-plan-to-log-thousands-of-acres-of-oregons-old-growth-forest-reserves\/#breadcrumb","itemListElement":[{"@type":"ListItem","position":1,"name":"Home","item":"https:\/\/westernlaw.org\/"},{"@type":"ListItem","position":2,"name":"Conservationists issue legal warning over plan to log thousands of acres of Oregon\u2019s old-growth forest reserves"}]},{"@type":"WebSite","@id":"https:\/\/westernlaw.org\/#website","url":"https:\/\/westernlaw.org\/","name":"Centro de Derecho Ambiental Occidental","description":"Defendemos el Oeste","publisher":{"@id":"https:\/\/westernlaw.org\/#organization"},"potentialAction":[{"@type":"SearchAction","target":{"@type":"EntryPoint","urlTemplate":"https:\/\/westernlaw.org\/?s={search_term_string}"},"query-input":{"@type":"PropertyValueSpecification","valueRequired":true,"valueName":"search_term_string"}}],"inLanguage":"es"},{"@type":"Organization","@id":"https:\/\/westernlaw.org\/#organization","name":"Centro de Derecho Ambiental Occidental","url":"https:\/\/westernlaw.org\/","logo":{"@type":"ImageObject","inLanguage":"es","@id":"https:\/\/westernlaw.org\/#\/schema\/logo\/image\/","url":"https:\/\/westernlaw.org\/wp-content\/uploads\/2017\/03\/WELC-logo-600-1.png","contentUrl":"https:\/\/westernlaw.org\/wp-content\/uploads\/2017\/03\/WELC-logo-600-1.png","width":600,"height":600,"caption":"Western Environmental Law Center"},"image":{"@id":"https:\/\/westernlaw.org\/#\/schema\/logo\/image\/"},"sameAs":["https:\/\/www.facebook.com\/westernlaw\/","https:\/\/x.com\/westernlaw","https:\/\/www.instagram.com\/welc_org\/"]},{"@type":"Person","@id":"https:\/\/westernlaw.org\/#\/schema\/person\/02134c803a0cc49d2b7830a7d5998721","name":"Brian Sweeney","image":{"@type":"ImageObject","inLanguage":"es","@id":"https:\/\/secure.gravatar.com\/avatar\/4431360c8fb2980350d184c5da2fe545ed7520096297a790266b7a28271261de?s=96&d=mm&r=g","url":"https:\/\/secure.gravatar.com\/avatar\/4431360c8fb2980350d184c5da2fe545ed7520096297a790266b7a28271261de?s=96&d=mm&r=g","contentUrl":"https:\/\/secure.gravatar.com\/avatar\/4431360c8fb2980350d184c5da2fe545ed7520096297a790266b7a28271261de?s=96&d=mm&r=g","caption":"Brian Sweeney"},"url":"https:\/\/westernlaw.org\/es\/author\/brian\/"}]}},"_links":{"self":[{"href":"https:\/\/westernlaw.org\/es\/wp-json\/wp\/v2\/posts\/23101","targetHints":{"allow":["GET"]}}],"collection":[{"href":"https:\/\/westernlaw.org\/es\/wp-json\/wp\/v2\/posts"}],"about":[{"href":"https:\/\/westernlaw.org\/es\/wp-json\/wp\/v2\/types\/post"}],"author":[{"embeddable":true,"href":"https:\/\/westernlaw.org\/es\/wp-json\/wp\/v2\/users\/20"}],"replies":[{"embeddable":true,"href":"https:\/\/westernlaw.org\/es\/wp-json\/wp\/v2\/comments?post=23101"}],"version-history":[{"count":2,"href":"https:\/\/westernlaw.org\/es\/wp-json\/wp\/v2\/posts\/23101\/revisions"}],"predecessor-version":[{"id":23153,"href":"https:\/\/westernlaw.org\/es\/wp-json\/wp\/v2\/posts\/23101\/revisions\/23153"}],"wp:attachment":[{"href":"https:\/\/westernlaw.org\/es\/wp-json\/wp\/v2\/media?parent=23101"}],"wp:term":[{"taxonomy":"category","embeddable":true,"href":"https:\/\/westernlaw.org\/es\/wp-json\/wp\/v2\/categories?post=23101"},{"taxonomy":"post_tag","embeddable":true,"href":"https:\/\/westernlaw.org\/es\/wp-json\/wp\/v2\/tags?post=23101"}],"curies":[{"name":"gracias","href":"https:\/\/api.w.org\/{rel}","templated":true}]}}